{"id":1407,"date":"2025-11-20T10:45:48","date_gmt":"2025-11-20T09:45:48","guid":{"rendered":"https:\/\/izerestaurant.com\/?p=1407"},"modified":"2025-11-28T18:49:23","modified_gmt":"2025-11-28T17:49:23","slug":"il-capodanno-di-ize","status":"publish","type":"post","link":"https:\/\/izerestaurant.com\/en\/il-capodanno-di-ize\/","title":{"rendered":"Il Capodanno di Iz\u00e9!"},"content":{"rendered":"<p data-start=\"157\" data-end=\"365\">Quest\u2019anno vogliamo farvi vivere un <strong>Capodanno<\/strong> straordinario!<br data-start=\"222\" data-end=\"225\" \/>Iz\u00e9 vi accoglie per una serata pensata per chi ama mangiare bene, brindare con stile e chiudere l\u2019anno con un\u2019esperienza che lasci il segno.<\/p>\n<p data-start=\"367\" data-end=\"647\">Lo chef <strong data-start=\"375\" data-end=\"390\">Carlo Spina<\/strong> ha creato un men\u00f9 degustazione speciale, ricco di sapori contemporanei e piatti che raccontano la sua cucina. Nel corso della serata sar\u00e0 servita anche la nostra rivisitazione del classico \u201ccotechino e lenticchie\u201d, un omaggio alla tradizione in chiave Iz\u00e9.<\/p>\n<p data-start=\"649\" data-end=\"773\">Vi aspettiamo per vivere insieme un Capodanno indimenticabile.<\/p>\n<p data-start=\"649\" data-end=\"773\"><strong>Qui il menu della serata:<\/strong><\/p>\n<p data-start=\"649\" data-end=\"773\"><img fetchpriority=\"high\" decoding=\"async\" class=\"alignnone size-full wp-image-1429\" src=\"https:\/\/izerestaurant.com\/wp-content\/uploads\/2025\/11\/2025.11_IzeRestaurant_Capodanno_Post_1080x1350px_02_web-2-scaled.jpg\" alt=\"\" width=\"2048\" height=\"2560\" srcset=\"https:\/\/izerestaurant.com\/wp-content\/uploads\/2025\/11\/2025.11_IzeRestaurant_Capodanno_Post_1080x1350px_02_web-2-scaled.jpg 2048w, https:\/\/izerestaurant.com\/wp-content\/uploads\/2025\/11\/2025.11_IzeRestaurant_Capodanno_Post_1080x1350px_02_web-2-240x300.jpg 240w, https:\/\/izerestaurant.com\/wp-content\/uploads\/2025\/11\/2025.11_IzeRestaurant_Capodanno_Post_1080x1350px_02_web-2-819x1024.jpg 819w, https:\/\/izerestaurant.com\/wp-content\/uploads\/2025\/11\/2025.11_IzeRestaurant_Capodanno_Post_1080x1350px_02_web-2-768x960.jpg 768w, https:\/\/izerestaurant.com\/wp-content\/uploads\/2025\/11\/2025.11_IzeRestaurant_Capodanno_Post_1080x1350px_02_web-2-1229x1536.jpg 1229w, https:\/\/izerestaurant.com\/wp-content\/uploads\/2025\/11\/2025.11_IzeRestaurant_Capodanno_Post_1080x1350px_02_web-2-1638x2048.jpg 1638w, https:\/\/izerestaurant.com\/wp-content\/uploads\/2025\/11\/2025.11_IzeRestaurant_Capodanno_Post_1080x1350px_02_web-2-10x12.jpg 10w\" sizes=\"(max-width: 2048px) 100vw, 2048px\" \/><\/p>\n<p data-start=\"771\" data-end=\"874\"><strong data-start=\"771\" data-end=\"809\">Riservate subito il vostro tavolo.<\/strong><\/p>\n<p data-start=\"876\" data-end=\"948\">\ufe45 <strong data-start=\"878\" data-end=\"895\">Prenotazioni: <span style=\"font-weight: 400;\">www.izerestaurant.com<\/span><\/strong><br data-start=\"917\" data-end=\"920\" \/>\ufe45 <strong data-start=\"922\" data-end=\"935\">Telefono:<\/strong> 030 658 8999<\/p>","protected":false},"excerpt":{"rendered":"<p>Quest\u2019anno vogliamo farvi vivere un Capodanno straordinario!Iz\u00e9 vi accoglie per una serata pensata per chi ama mangiare bene, brindare con stile e chiudere l\u2019anno con un\u2019esperienza che lasci il segno. Lo chef Carlo Spina ha creato un men\u00f9 degustazione speciale, ricco di sapori contemporanei e piatti che raccontano la sua cucina. Nel corso della serata [&hellip;]<\/p>\n","protected":false},"author":1,"featured_media":1425,"comment_status":"closed","ping_status":"closed","sticky":false,"template":"","format":"standard","meta":{"footnotes":""},"categories":[143],"tags":[23,192,174,147,146,163,144,172,70],"class_list":["post-1407","post","type-post","status-publish","format-standard","has-post-thumbnail","hentry","category-news-it","tag-capodanno","tag-capodanno-2025","tag-capodanno-ize","tag-carlo-spina","tag-chef-carlo-spina","tag-ize","tag-ize-restaurant","tag-lago-diseo","tag-menu-degustazione"],"yoast_head":"<!-- This site is optimized with the Yoast SEO plugin v27.5 - https:\/\/yoast.com\/product\/yoast-seo-wordpress\/ -->\n<title>Il Capodanno di Iz\u00e9! - IZE Restaurant<\/title>\n<meta name=\"robots\" content=\"index, follow, max-snippet:-1, max-image-preview:large, max-video-preview:-1\" \/>\n<link rel=\"canonical\" href=\"https:\/\/izerestaurant.com\/en\/il-capodanno-di-ize\/\" \/>\n<meta property=\"og:locale\" content=\"en_GB\" \/>\n<meta property=\"og:type\" content=\"article\" \/>\n<meta property=\"og:title\" content=\"Il Capodanno di Iz\u00e9! - IZE Restaurant\" \/>\n<meta property=\"og:description\" content=\"Quest\u2019anno vogliamo farvi vivere un Capodanno straordinario!Iz\u00e9 vi accoglie per una serata pensata per chi ama mangiare bene, brindare con stile e chiudere l\u2019anno con un\u2019esperienza che lasci il segno. Lo chef Carlo Spina ha creato un men\u00f9 degustazione speciale, ricco di sapori contemporanei e piatti che raccontano la sua cucina. Nel corso della serata [&hellip;]\" \/>\n<meta property=\"og:url\" content=\"https:\/\/izerestaurant.com\/en\/il-capodanno-di-ize\/\" \/>\n<meta property=\"og:site_name\" content=\"IZE Restaurant\" \/>\n<meta property=\"article:published_time\" content=\"2025-11-20T09:45:48+00:00\" \/>\n<meta property=\"article:modified_time\" content=\"2025-11-28T17:49:23+00:00\" \/>\n<meta property=\"og:image\" content=\"https:\/\/izerestaurant.com\/wp-content\/uploads\/2025\/11\/2025.11_IzeRestaurant_Capodanno_Post_1080x1350px_01_web-1-scaled.jpg\" \/>\n\t<meta property=\"og:image:width\" content=\"2048\" \/>\n\t<meta property=\"og:image:height\" content=\"2560\" \/>\n\t<meta property=\"og:image:type\" content=\"image\/jpeg\" \/>\n<meta name=\"author\" content=\"aromiadmin\" \/>\n<meta name=\"twitter:card\" content=\"summary_large_image\" \/>\n<meta name=\"twitter:label1\" content=\"Written by\" \/>\n\t<meta name=\"twitter:data1\" content=\"aromiadmin\" \/>\n\t<meta name=\"twitter:label2\" content=\"Estimated reading time\" \/>\n\t<meta name=\"twitter:data2\" content=\"1 minute\" \/>\n<script type=\"application\/ld+json\" class=\"yoast-schema-graph\">{\"@context\":\"https:\\\/\\\/schema.org\",\"@graph\":[{\"@type\":\"Article\",\"@id\":\"https:\\\/\\\/izerestaurant.com\\\/il-capodanno-di-ize\\\/#article\",\"isPartOf\":{\"@id\":\"https:\\\/\\\/izerestaurant.com\\\/il-capodanno-di-ize\\\/\"},\"author\":{\"name\":\"aromiadmin\",\"@id\":\"https:\\\/\\\/izerestaurant.com\\\/#\\\/schema\\\/person\\\/ca2d12843b81a55be2a50df993dc281d\"},\"headline\":\"Il Capodanno di Iz\u00e9!\",\"datePublished\":\"2025-11-20T09:45:48+00:00\",\"dateModified\":\"2025-11-28T17:49:23+00:00\",\"mainEntityOfPage\":{\"@id\":\"https:\\\/\\\/izerestaurant.com\\\/il-capodanno-di-ize\\\/\"},\"wordCount\":104,\"publisher\":{\"@id\":\"https:\\\/\\\/izerestaurant.com\\\/#organization\"},\"image\":{\"@id\":\"https:\\\/\\\/izerestaurant.com\\\/il-capodanno-di-ize\\\/#primaryimage\"},\"thumbnailUrl\":\"https:\\\/\\\/izerestaurant.com\\\/wp-content\\\/uploads\\\/2025\\\/11\\\/2025.11_IzeRestaurant_Capodanno_Post_1080x1350px_01_web-1-scaled.jpg\",\"keywords\":[\"capodanno\",\"capodanno 2025\",\"Capodanno Iz\u00e9\",\"Carlo Spina\",\"Chef Carlo Spina\",\"Iz\u00e9\",\"Iz\u00e9 Restaurant\",\"lago d'Iseo\",\"men\u00f9 degustazione\"],\"articleSection\":[\"News IT\"],\"inLanguage\":\"en-GB\"},{\"@type\":\"WebPage\",\"@id\":\"https:\\\/\\\/izerestaurant.com\\\/il-capodanno-di-ize\\\/\",\"url\":\"https:\\\/\\\/izerestaurant.com\\\/il-capodanno-di-ize\\\/\",\"name\":\"Il Capodanno di Iz\u00e9! - IZE Restaurant\",\"isPartOf\":{\"@id\":\"https:\\\/\\\/izerestaurant.com\\\/#website\"},\"primaryImageOfPage\":{\"@id\":\"https:\\\/\\\/izerestaurant.com\\\/il-capodanno-di-ize\\\/#primaryimage\"},\"image\":{\"@id\":\"https:\\\/\\\/izerestaurant.com\\\/il-capodanno-di-ize\\\/#primaryimage\"},\"thumbnailUrl\":\"https:\\\/\\\/izerestaurant.com\\\/wp-content\\\/uploads\\\/2025\\\/11\\\/2025.11_IzeRestaurant_Capodanno_Post_1080x1350px_01_web-1-scaled.jpg\",\"datePublished\":\"2025-11-20T09:45:48+00:00\",\"dateModified\":\"2025-11-28T17:49:23+00:00\",\"breadcrumb\":{\"@id\":\"https:\\\/\\\/izerestaurant.com\\\/il-capodanno-di-ize\\\/#breadcrumb\"},\"inLanguage\":\"en-GB\",\"potentialAction\":[{\"@type\":\"ReadAction\",\"target\":[\"https:\\\/\\\/izerestaurant.com\\\/il-capodanno-di-ize\\\/\"]}]},{\"@type\":\"ImageObject\",\"inLanguage\":\"en-GB\",\"@id\":\"https:\\\/\\\/izerestaurant.com\\\/il-capodanno-di-ize\\\/#primaryimage\",\"url\":\"https:\\\/\\\/izerestaurant.com\\\/wp-content\\\/uploads\\\/2025\\\/11\\\/2025.11_IzeRestaurant_Capodanno_Post_1080x1350px_01_web-1-scaled.jpg\",\"contentUrl\":\"https:\\\/\\\/izerestaurant.com\\\/wp-content\\\/uploads\\\/2025\\\/11\\\/2025.11_IzeRestaurant_Capodanno_Post_1080x1350px_01_web-1-scaled.jpg\",\"width\":2048,\"height\":2560},{\"@type\":\"BreadcrumbList\",\"@id\":\"https:\\\/\\\/izerestaurant.com\\\/il-capodanno-di-ize\\\/#breadcrumb\",\"itemListElement\":[{\"@type\":\"ListItem\",\"position\":1,\"name\":\"Home\",\"item\":\"https:\\\/\\\/izerestaurant.com\\\/\"},{\"@type\":\"ListItem\",\"position\":2,\"name\":\"Il Capodanno di Iz\u00e9!\"}]},{\"@type\":\"WebSite\",\"@id\":\"https:\\\/\\\/izerestaurant.com\\\/#website\",\"url\":\"https:\\\/\\\/izerestaurant.com\\\/\",\"name\":\"IZE Restaurant\",\"description\":\"\",\"publisher\":{\"@id\":\"https:\\\/\\\/izerestaurant.com\\\/#organization\"},\"potentialAction\":[{\"@type\":\"SearchAction\",\"target\":{\"@type\":\"EntryPoint\",\"urlTemplate\":\"https:\\\/\\\/izerestaurant.com\\\/?s={search_term_string}\"},\"query-input\":{\"@type\":\"PropertyValueSpecification\",\"valueRequired\":true,\"valueName\":\"search_term_string\"}}],\"inLanguage\":\"en-GB\"},{\"@type\":\"Organization\",\"@id\":\"https:\\\/\\\/izerestaurant.com\\\/#organization\",\"name\":\"IZE Restaurant\",\"url\":\"https:\\\/\\\/izerestaurant.com\\\/\",\"logo\":{\"@type\":\"ImageObject\",\"inLanguage\":\"en-GB\",\"@id\":\"https:\\\/\\\/izerestaurant.com\\\/#\\\/schema\\\/logo\\\/image\\\/\",\"url\":\"https:\\\/\\\/izerestaurant.com\\\/wp-content\\\/uploads\\\/2024\\\/02\\\/Ize-Positivo.png\",\"contentUrl\":\"https:\\\/\\\/izerestaurant.com\\\/wp-content\\\/uploads\\\/2024\\\/02\\\/Ize-Positivo.png\",\"width\":1800,\"height\":1800,\"caption\":\"IZE Restaurant\"},\"image\":{\"@id\":\"https:\\\/\\\/izerestaurant.com\\\/#\\\/schema\\\/logo\\\/image\\\/\"}},{\"@type\":\"Person\",\"@id\":\"https:\\\/\\\/izerestaurant.com\\\/#\\\/schema\\\/person\\\/ca2d12843b81a55be2a50df993dc281d\",\"name\":\"aromiadmin\",\"image\":{\"@type\":\"ImageObject\",\"inLanguage\":\"en-GB\",\"@id\":\"https:\\\/\\\/secure.gravatar.com\\\/avatar\\\/2c3fd16b136c501515ec99e1fc2bcb1ef2d046cd42e7289298bd68c86d6004eb?s=96&d=mm&r=g\",\"url\":\"https:\\\/\\\/secure.gravatar.com\\\/avatar\\\/2c3fd16b136c501515ec99e1fc2bcb1ef2d046cd42e7289298bd68c86d6004eb?s=96&d=mm&r=g\",\"contentUrl\":\"https:\\\/\\\/secure.gravatar.com\\\/avatar\\\/2c3fd16b136c501515ec99e1fc2bcb1ef2d046cd42e7289298bd68c86d6004eb?s=96&d=mm&r=g\",\"caption\":\"aromiadmin\"},\"sameAs\":[\"https:\\\/\\\/izerestaurant.com\"],\"url\":\"https:\\\/\\\/izerestaurant.com\\\/en\\\/author\\\/aromiadmin\\\/\"}]}<\/script>\n<!-- \/ Yoast SEO plugin. -->","yoast_head_json":{"title":"Il Capodanno di Iz\u00e9! - IZE Restaurant","robots":{"index":"index","follow":"follow","max-snippet":"max-snippet:-1","max-image-preview":"max-image-preview:large","max-video-preview":"max-video-preview:-1"},"canonical":"https:\/\/izerestaurant.com\/en\/il-capodanno-di-ize\/","og_locale":"en_GB","og_type":"article","og_title":"Il Capodanno di Iz\u00e9! - IZE Restaurant","og_description":"Quest\u2019anno vogliamo farvi vivere un Capodanno straordinario!Iz\u00e9 vi accoglie per una serata pensata per chi ama mangiare bene, brindare con stile e chiudere l\u2019anno con un\u2019esperienza che lasci il segno. Lo chef Carlo Spina ha creato un men\u00f9 degustazione speciale, ricco di sapori contemporanei e piatti che raccontano la sua cucina. Nel corso della serata [&hellip;]","og_url":"https:\/\/izerestaurant.com\/en\/il-capodanno-di-ize\/","og_site_name":"IZE Restaurant","article_published_time":"2025-11-20T09:45:48+00:00","article_modified_time":"2025-11-28T17:49:23+00:00","og_image":[{"width":2048,"height":2560,"url":"https:\/\/izerestaurant.com\/wp-content\/uploads\/2025\/11\/2025.11_IzeRestaurant_Capodanno_Post_1080x1350px_01_web-1-scaled.jpg","type":"image\/jpeg"}],"author":"aromiadmin","twitter_card":"summary_large_image","twitter_misc":{"Written by":"aromiadmin","Estimated reading time":"1 minute"},"schema":{"@context":"https:\/\/schema.org","@graph":[{"@type":"Article","@id":"https:\/\/izerestaurant.com\/il-capodanno-di-ize\/#article","isPartOf":{"@id":"https:\/\/izerestaurant.com\/il-capodanno-di-ize\/"},"author":{"name":"aromiadmin","@id":"https:\/\/izerestaurant.com\/#\/schema\/person\/ca2d12843b81a55be2a50df993dc281d"},"headline":"Il Capodanno di Iz\u00e9!","datePublished":"2025-11-20T09:45:48+00:00","dateModified":"2025-11-28T17:49:23+00:00","mainEntityOfPage":{"@id":"https:\/\/izerestaurant.com\/il-capodanno-di-ize\/"},"wordCount":104,"publisher":{"@id":"https:\/\/izerestaurant.com\/#organization"},"image":{"@id":"https:\/\/izerestaurant.com\/il-capodanno-di-ize\/#primaryimage"},"thumbnailUrl":"https:\/\/izerestaurant.com\/wp-content\/uploads\/2025\/11\/2025.11_IzeRestaurant_Capodanno_Post_1080x1350px_01_web-1-scaled.jpg","keywords":["capodanno","capodanno 2025","Capodanno Iz\u00e9","Carlo Spina","Chef Carlo Spina","Iz\u00e9","Iz\u00e9 Restaurant","lago d'Iseo","men\u00f9 degustazione"],"articleSection":["News IT"],"inLanguage":"en-GB"},{"@type":"WebPage","@id":"https:\/\/izerestaurant.com\/il-capodanno-di-ize\/","url":"https:\/\/izerestaurant.com\/il-capodanno-di-ize\/","name":"Il Capodanno di Iz\u00e9! - IZE Restaurant","isPartOf":{"@id":"https:\/\/izerestaurant.com\/#website"},"primaryImageOfPage":{"@id":"https:\/\/izerestaurant.com\/il-capodanno-di-ize\/#primaryimage"},"image":{"@id":"https:\/\/izerestaurant.com\/il-capodanno-di-ize\/#primaryimage"},"thumbnailUrl":"https:\/\/izerestaurant.com\/wp-content\/uploads\/2025\/11\/2025.11_IzeRestaurant_Capodanno_Post_1080x1350px_01_web-1-scaled.jpg","datePublished":"2025-11-20T09:45:48+00:00","dateModified":"2025-11-28T17:49:23+00:00","breadcrumb":{"@id":"https:\/\/izerestaurant.com\/il-capodanno-di-ize\/#breadcrumb"},"inLanguage":"en-GB","potentialAction":[{"@type":"ReadAction","target":["https:\/\/izerestaurant.com\/il-capodanno-di-ize\/"]}]},{"@type":"ImageObject","inLanguage":"en-GB","@id":"https:\/\/izerestaurant.com\/il-capodanno-di-ize\/#primaryimage","url":"https:\/\/izerestaurant.com\/wp-content\/uploads\/2025\/11\/2025.11_IzeRestaurant_Capodanno_Post_1080x1350px_01_web-1-scaled.jpg","contentUrl":"https:\/\/izerestaurant.com\/wp-content\/uploads\/2025\/11\/2025.11_IzeRestaurant_Capodanno_Post_1080x1350px_01_web-1-scaled.jpg","width":2048,"height":2560},{"@type":"BreadcrumbList","@id":"https:\/\/izerestaurant.com\/il-capodanno-di-ize\/#breadcrumb","itemListElement":[{"@type":"ListItem","position":1,"name":"Home","item":"https:\/\/izerestaurant.com\/"},{"@type":"ListItem","position":2,"name":"Il Capodanno di Iz\u00e9!"}]},{"@type":"WebSite","@id":"https:\/\/izerestaurant.com\/#website","url":"https:\/\/izerestaurant.com\/","name":"IZE Restaurant","description":"","publisher":{"@id":"https:\/\/izerestaurant.com\/#organization"},"potentialAction":[{"@type":"SearchAction","target":{"@type":"EntryPoint","urlTemplate":"https:\/\/izerestaurant.com\/?s={search_term_string}"},"query-input":{"@type":"PropertyValueSpecification","valueRequired":true,"valueName":"search_term_string"}}],"inLanguage":"en-GB"},{"@type":"Organization","@id":"https:\/\/izerestaurant.com\/#organization","name":"IZE Restaurant","url":"https:\/\/izerestaurant.com\/","logo":{"@type":"ImageObject","inLanguage":"en-GB","@id":"https:\/\/izerestaurant.com\/#\/schema\/logo\/image\/","url":"https:\/\/izerestaurant.com\/wp-content\/uploads\/2024\/02\/Ize-Positivo.png","contentUrl":"https:\/\/izerestaurant.com\/wp-content\/uploads\/2024\/02\/Ize-Positivo.png","width":1800,"height":1800,"caption":"IZE Restaurant"},"image":{"@id":"https:\/\/izerestaurant.com\/#\/schema\/logo\/image\/"}},{"@type":"Person","@id":"https:\/\/izerestaurant.com\/#\/schema\/person\/ca2d12843b81a55be2a50df993dc281d","name":"aromiadmin","image":{"@type":"ImageObject","inLanguage":"en-GB","@id":"https:\/\/secure.gravatar.com\/avatar\/2c3fd16b136c501515ec99e1fc2bcb1ef2d046cd42e7289298bd68c86d6004eb?s=96&d=mm&r=g","url":"https:\/\/secure.gravatar.com\/avatar\/2c3fd16b136c501515ec99e1fc2bcb1ef2d046cd42e7289298bd68c86d6004eb?s=96&d=mm&r=g","contentUrl":"https:\/\/secure.gravatar.com\/avatar\/2c3fd16b136c501515ec99e1fc2bcb1ef2d046cd42e7289298bd68c86d6004eb?s=96&d=mm&r=g","caption":"aromiadmin"},"sameAs":["https:\/\/izerestaurant.com"],"url":"https:\/\/izerestaurant.com\/en\/author\/aromiadmin\/"}]}},"_links":{"self":[{"href":"https:\/\/izerestaurant.com\/en\/wp-json\/wp\/v2\/posts\/1407","targetHints":{"allow":["GET"]}}],"collection":[{"href":"https:\/\/izerestaurant.com\/en\/wp-json\/wp\/v2\/posts"}],"about":[{"href":"https:\/\/izerestaurant.com\/en\/wp-json\/wp\/v2\/types\/post"}],"author":[{"embeddable":true,"href":"https:\/\/izerestaurant.com\/en\/wp-json\/wp\/v2\/users\/1"}],"replies":[{"embeddable":true,"href":"https:\/\/izerestaurant.com\/en\/wp-json\/wp\/v2\/comments?post=1407"}],"version-history":[{"count":5,"href":"https:\/\/izerestaurant.com\/en\/wp-json\/wp\/v2\/posts\/1407\/revisions"}],"predecessor-version":[{"id":1430,"href":"https:\/\/izerestaurant.com\/en\/wp-json\/wp\/v2\/posts\/1407\/revisions\/1430"}],"wp:featuredmedia":[{"embeddable":true,"href":"https:\/\/izerestaurant.com\/en\/wp-json\/wp\/v2\/media\/1425"}],"wp:attachment":[{"href":"https:\/\/izerestaurant.com\/en\/wp-json\/wp\/v2\/media?parent=1407"}],"wp:term":[{"taxonomy":"category","embeddable":true,"href":"https:\/\/izerestaurant.com\/en\/wp-json\/wp\/v2\/categories?post=1407"},{"taxonomy":"post_tag","embeddable":true,"href":"https:\/\/izerestaurant.com\/en\/wp-json\/wp\/v2\/tags?post=1407"}],"curies":[{"name":"wp","href":"https:\/\/api.w.org\/{rel}","templated":true}]}}